{"id":1070,"date":"2010-11-16T15:10:34","date_gmt":"2010-11-16T14:10:34","guid":{"rendered":"http:\/\/www.odrakir.com\/blog\/?p=1070"},"modified":"2010-11-16T15:10:34","modified_gmt":"2010-11-16T14:10:34","slug":"os-cromos-ao-vivo","status":"publish","type":"post","link":"https:\/\/www.odrakir.com\/blog\/2010\/11\/16\/os-cromos-ao-vivo\/","title":{"rendered":"Os Cromos ao Vivo"},"content":{"rendered":"<p><a href=\"http:\/\/www.odrakir.com\/blog\/wp-content\/uploads\/2010\/11\/caderneta.jpg\"><img loading=\"lazy\" decoding=\"async\" data-attachment-id=\"1071\" data-permalink=\"https:\/\/www.odrakir.com\/blog\/2010\/11\/16\/os-cromos-ao-vivo\/caderneta\/\" data-orig-file=\"https:\/\/www.odrakir.com\/blog\/wp-content\/uploads\/2010\/11\/caderneta.jpg\" data-orig-size=\"489,720\" data-comments-opened=\"1\" data-image-meta=\"{&quot;aperture&quot;:&quot;0&quot;,&quot;credit&quot;:&quot;&quot;,&quot;camera&quot;:&quot;&quot;,&quot;caption&quot;:&quot;&quot;,&quot;created_timestamp&quot;:&quot;0&quot;,&quot;copyright&quot;:&quot;&quot;,&quot;focal_length&quot;:&quot;0&quot;,&quot;iso&quot;:&quot;0&quot;,&quot;shutter_speed&quot;:&quot;0&quot;,&quot;title&quot;:&quot;&quot;}\" data-image-title=\"Caderneta de Cromos ao Vivo\" data-image-description=\"\" data-image-caption=\"\" data-large-file=\"https:\/\/www.odrakir.com\/blog\/wp-content\/uploads\/2010\/11\/caderneta.jpg\" class=\"aligncenter size-full wp-image-1071\" title=\"Caderneta de Cromos ao Vivo\" src=\"http:\/\/www.odrakir.com\/blog\/wp-content\/uploads\/2010\/11\/caderneta.jpg\" alt=\"\" width=\"489\" height=\"720\" srcset=\"https:\/\/www.odrakir.com\/blog\/wp-content\/uploads\/2010\/11\/caderneta.jpg 489w, https:\/\/www.odrakir.com\/blog\/wp-content\/uploads\/2010\/11\/caderneta-203x300.jpg 203w\" sizes=\"auto, (max-width: 489px) 100vw, 489px\" \/><\/a><\/p>\n<p>Se h\u00e1 algo que prezo muito na minha vida, s\u00e3o as mem\u00f3rias que tenho de inf\u00e2ncia. Tive uma inf\u00e2ncia feliz, gra\u00e7as aos meus pais, que nunca me faltaram com nada, mesmo em alturas mais conturbadas. Sempre tive no\u00e7\u00e3o disto, mas quando come\u00e7ou o programa da <a href=\"http:\/\/www.facebook.com\/pages\/Caderneta-de-Cromos\/208215115943\">Caderneta de Cromos<\/a> na R\u00e1dio Comercial \u00e9 que me apercebi do qu\u00e3o mais infinitamente rica a minha inf\u00e2ncia tinha sido, isto porque era fant\u00e1stica a quantidade de experi\u00eancias relatadas pelo Nuno Markl com as quais eu me identificava por ter realmente passado por elas.<\/p>\n<p>As d\u00e9cadas de 80 e 90 foram sem d\u00favida um universo de novidades para todos n\u00f3s que nelas nasceram e cresceram, da\u00ed que toda a m\u00edstica que delas adv\u00e9m s\u00f3 torne ainda mais espectacular o programa do Nuno e da sua equipa.<\/p>\n<p>Ontem essa m\u00edstica, mais do que sentida, foi vivida. Ao vivo e a cores. Sentia-se no ar. Via-se na cara dos que foram ao Coliseu dos Recreios em Lisboa ver a Caderneta de Cromos ao Vivo.<\/p>\n<p>Sempre a rir, os mais velhos recordavam a excentricidade, o perigo, o rid\u00edculo, a emo\u00e7\u00e3o e tudo o que demais esteve presente na nossa inf\u00e2ncia. Os mais novos, a rir tamb\u00e9m, olharam para os seus pais, irm\u00e3os e amigos com uma nova perspectiva, com a ideia de que em outros tempos, em outras realidades, tudo era mais verdadeiro, mais pr\u00f3ximo.<\/p>\n<p>Foi um espect\u00e1culo diferente de tudo o que provavelmente aquela sala j\u00e1 havia visto, e pelo Coliseu j\u00e1 muito passou, mas foi de certeza a primeira vez que viu J\u00falio Isidro a fazer Stand-Up Comedy, a cantar m\u00fasicas de Charles Aznavour e parte de uma opereta como se fosse um tenor. Viu tamb\u00e9m pela primeira vez, Jos\u00e9 Cid, on fire, ao piano, a cantar uma m\u00fasica dedicada ao Fizz de Lim\u00e3o, fazendo rimas com &#8220;cabr\u00e3o&#8221; (ou terei percebido mal a letra) enquanto toda a plateia acenava com gelados no ar. Entre este dois senhores, o resto que se passou foi ouro e n\u00e3o vou contar porque tem realmente que ser vivido. L\u00e1.<\/p>\n<p>Ontem fomos mimados, como se fossemos novamente mi\u00fados. Levaram-nos atr\u00e1s no tempo e trouxeram-nos de volta, tudo em duas horas que souberam a muito muito pouco. No bolso ficaram os pacotes vazios das Peta-Zetas e a esperan\u00e7a de que o DVD do espect\u00e1culo saia depressa, tipo no Natal \ud83d\ude09<\/p>\n<p>Obrigado Nuno, Pedro, Vanda e Vasco. Obrigado pelo vosso trabalho de amor.<\/p>\n","protected":false},"excerpt":{"rendered":"<p>Se h\u00e1 algo que prezo muito na minha vida, s\u00e3o as mem\u00f3rias que tenho de inf\u00e2ncia. Tive uma inf\u00e2ncia feliz, gra\u00e7as aos meus pais, que nunca me faltaram com nada, mesmo em alturas mais conturbadas. Sempre tive no\u00e7\u00e3o disto, mas quando come\u00e7ou o programa da Caderneta de Cromos na R\u00e1dio Comercial \u00e9 que me apercebi [&hellip;]<\/p>\n","protected":false},"author":1,"featured_media":0,"comment_status":"open","ping_status":"open","sticky":false,"template":"","format":"standard","meta":{"_jetpack_memberships_contains_paid_content":false,"footnotes":"","jetpack_publicize_message":"","jetpack_publicize_feature_enabled":true,"jetpack_social_post_already_shared":false,"jetpack_social_options":{"image_generator_settings":{"template":"highway","default_image_id":0,"font":"","enabled":false},"version":2}},"categories":[11],"tags":[258,259,260],"class_list":["post-1070","post","type-post","status-publish","format-standard","hentry","category-personal","tag-caderneta-de-cromos","tag-nuno-markl","tag-radio-comercial"],"jetpack_publicize_connections":[],"jetpack_featured_media_url":"","jetpack_sharing_enabled":true,"jetpack_likes_enabled":true,"jetpack-related-posts":[],"_links":{"self":[{"href":"https:\/\/www.odrakir.com\/blog\/wp-json\/wp\/v2\/posts\/1070","targetHints":{"allow":["GET"]}}],"collection":[{"href":"https:\/\/www.odrakir.com\/blog\/wp-json\/wp\/v2\/posts"}],"about":[{"href":"https:\/\/www.odrakir.com\/blog\/wp-json\/wp\/v2\/types\/post"}],"author":[{"embeddable":true,"href":"https:\/\/www.odrakir.com\/blog\/wp-json\/wp\/v2\/users\/1"}],"replies":[{"embeddable":true,"href":"https:\/\/www.odrakir.com\/blog\/wp-json\/wp\/v2\/comments?post=1070"}],"version-history":[{"count":1,"href":"https:\/\/www.odrakir.com\/blog\/wp-json\/wp\/v2\/posts\/1070\/revisions"}],"predecessor-version":[{"id":1072,"href":"https:\/\/www.odrakir.com\/blog\/wp-json\/wp\/v2\/posts\/1070\/revisions\/1072"}],"wp:attachment":[{"href":"https:\/\/www.odrakir.com\/blog\/wp-json\/wp\/v2\/media?parent=1070"}],"wp:term":[{"taxonomy":"category","embeddable":true,"href":"https:\/\/www.odrakir.com\/blog\/wp-json\/wp\/v2\/categories?post=1070"},{"taxonomy":"post_tag","embeddable":true,"href":"https:\/\/www.odrakir.com\/blog\/wp-json\/wp\/v2\/tags?post=1070"}],"curies":[{"name":"wp","href":"https:\/\/api.w.org\/{rel}","templated":true}]}}